{"id":4313,"date":"2024-11-26T09:45:51","date_gmt":"2024-11-26T08:45:51","guid":{"rendered":"https:\/\/www.mjcmontchat.org\/2122\/?p=4313"},"modified":"2024-11-26T09:45:52","modified_gmt":"2024-11-26T08:45:52","slug":"coordinateur-trice-des-accueils-collectifs-de-mineurs-periscolaires-cdd-de-remplacement-a-plein-temps","status":"publish","type":"post","link":"https:\/\/www.mjcmontchat.org\/2122\/2024\/11\/26\/coordinateur-trice-des-accueils-collectifs-de-mineurs-periscolaires-cdd-de-remplacement-a-plein-temps\/","title":{"rendered":"Coordinateur.trice des Accueils Collectifs de Mineurs p\u00e9riscolaires (CDD de remplacement \u00e0 plein temps)"},"content":{"rendered":"\n<p><strong>Contexte du recrutement :<br>Suite au d\u00e9part en cong\u00e9 maternit\u00e9 de la titulaire du poste, la MJC Montchat recrute un.e<br>rempla\u00e7ante dans le cadre d\u2019un CDD (longue dur\u00e9e \u00e0 pr\u00e9voir, 20 mois minimum).<\/strong><br><br>La MJC Montchat est le gestionnaire de 6 accueils de loisirs p\u00e9riscolaires sur le quartier de<br>Montchat. Les 6 directeurs et directrices des ACM travaillent en \u00e9troite collaboration dans le cadre d\u2019un<br>projet \u00e9ducatif commun, en ad\u00e9quation avec le projet de la MJC, propre au territoire de<br>r\u00e9f\u00e9rence.<\/p>\n\n\n\n<p><br>Sous la responsabilit\u00e9 de la responsable du secteur Enfance-Jeunesse-Famille, les missions<br>prioritaires du poste sont :<\/p>\n\n\n\n<ol class=\"wp-block-list\">\n<li>Coordonner la dynamique organisationnelle et p\u00e9dagogique des 6 ACM p\u00e9riscolaires<\/li>\n\n\n\n<li>Animer le collectif des directeurs.trices et apporter un appui fonctionnel et de proximit\u00e9.<\/li>\n\n\n\n<li>Se positionner en r\u00e9f\u00e9rent.e du p\u00f4le p\u00e9riscolaire aupr\u00e8s de la responsable de secteur de la<br>MJC qui pourra lui d\u00e9l\u00e9guer un certain nombre de t\u00e2ches administratives et fonctionnelles<br>selon les besoins.<br><\/li>\n<\/ol>\n\n\n\n<p><span style=\"text-decoration: underline;\">Conditions :<br><\/span>Niveau DEJEPS ou \u00e9quivalence.<br>Exp\u00e9rience minimum de 2 ann\u00e9es sur un poste semblable exig\u00e9e.<\/p>\n\n\n\n<p><br><span style=\"text-decoration: underline;\">Profil :<br><\/span>Sens des responsabilit\u00e9s et d\u2019initiatives et sens de l\u2019organisation.<br>Disponibilit\u00e9.<br>Qualit\u00e9s relationnelles.<br>Comp\u00e9tence en mati\u00e8re de management d\u2019\u00e9quipe.<br>Dynamisme et capacit\u00e9 d\u2019adaptation.<\/p>\n\n\n\n<p><br><span style=\"text-decoration: underline;\">Contrat et r\u00e9mun\u00e9ration :<br><\/span>CDD de remplacement \u00e0 temps complet.<br>Convention collective de l\u2019animation, coef 305, salaire de base 2 145\u20ac brut mensuel.<br>Possibilit\u00e9 de reprise d\u2019anciennet\u00e9 sous conditions.<\/p>\n\n\n\n<p><br><strong>Entr\u00e9e en fonction souhait\u00e9e le 06\/01\/2025<br><\/strong>CV + LM \u00e0 faire parvenir par mail \u00e0 Mme Prune VERDIER, responsable de secteur :<br><a href=\"mailto:prune@mjcmontchat.org\">prune@mjcmontchat.org<\/a><\/p>\n\n\n\n<p><\/p>\n","protected":false},"excerpt":{"rendered":"<p>La MJC Montchat recrute 1 Coordinateur\/trice des Accueils Collectifs de Mineurs p\u00e9riscolaire en CDD (remplacement \u00e0 plein temps).<\/p>\n","protected":false},"author":6,"featured_media":0,"comment_status":"open","ping_status":"open","sticky":false,"template":"","format":"standard","meta":{"footnotes":""},"categories":[52],"tags":[53,54],"class_list":["post-4313","post","type-post","status-publish","format-standard","hentry","category-emploi","tag-emploi","tag-recrutement"],"acf":[],"_links":{"self":[{"href":"https:\/\/www.mjcmontchat.org\/2122\/wp-json\/wp\/v2\/posts\/4313","targetHints":{"allow":["GET"]}}],"collection":[{"href":"https:\/\/www.mjcmontchat.org\/2122\/wp-json\/wp\/v2\/posts"}],"about":[{"href":"https:\/\/www.mjcmontchat.org\/2122\/wp-json\/wp\/v2\/types\/post"}],"author":[{"embeddable":true,"href":"https:\/\/www.mjcmontchat.org\/2122\/wp-json\/wp\/v2\/users\/6"}],"replies":[{"embeddable":true,"href":"https:\/\/www.mjcmontchat.org\/2122\/wp-json\/wp\/v2\/comments?post=4313"}],"version-history":[{"count":1,"href":"https:\/\/www.mjcmontchat.org\/2122\/wp-json\/wp\/v2\/posts\/4313\/revisions"}],"predecessor-version":[{"id":4314,"href":"https:\/\/www.mjcmontchat.org\/2122\/wp-json\/wp\/v2\/posts\/4313\/revisions\/4314"}],"wp:attachment":[{"href":"https:\/\/www.mjcmontchat.org\/2122\/wp-json\/wp\/v2\/media?parent=4313"}],"wp:term":[{"taxonomy":"category","embeddable":true,"href":"https:\/\/www.mjcmontchat.org\/2122\/wp-json\/wp\/v2\/categories?post=4313"},{"taxonomy":"post_tag","embeddable":true,"href":"https:\/\/www.mjcmontchat.org\/2122\/wp-json\/wp\/v2\/tags?post=4313"}],"curies":[{"name":"wp","href":"https:\/\/api.w.org\/{rel}","templated":true}]}}